{"id":13164,"date":"2023-11-27T09:02:24","date_gmt":"2023-11-27T08:02:24","guid":{"rendered":"https:\/\/www.lfianvers.org\/?p=13164"},"modified":"2023-11-27T16:27:25","modified_gmt":"2023-11-27T15:27:25","slug":"je-tapprends-tu-tengages-nous-nous-epanouissons","status":"publish","type":"post","link":"https:\/\/www.lfianvers.org\/fr\/2023\/11\/27\/je-tapprends-tu-tengages-nous-nous-epanouissons\/","title":{"rendered":"Je t&rsquo;apprends, tu t&rsquo;engages, nous nous \u00e9panouissons"},"content":{"rendered":"<div class=\"bloctext bloctext--nocolor bloctext--haspattern\" id=\"bloc_6_2\">\n<div class=\"container\">\n<div class=\"row\">\n<div class=\"col-12 col-lg-4 col-xl-3 mb-1\">\n<h2><span>Du 27 novembre au 01 d\u00e9cembre : c\u00e9l\u00e9brons les lyc\u00e9es fran\u00e7ais du monde !<\/span><\/h2>\n<\/p><\/div>\n<div class=\"col-12 col-lg-8 col-xl-9\">\n<div class=\"text pl-lg-4\">\n<p>Du 27 novembre au 01 d\u00e9cembre, le lyc\u00e9e c\u00e9l\u00e8bre la semaine des lyc\u00e9e fran\u00e7ais du monde en proposant \u00e0 tous ses \u00e9l\u00e8ves de s&rsquo;impliquer dans le projet de coop\u00e9ration <b><em>Je t&rsquo;apprends, tu t&rsquo;engages, nous nous \u00e9panouissons<\/em>.<\/b><\/p>\n<p>Sous la direction d&rsquo;Estelle H\u00e9rou, professesur d&rsquo;education physique et sportive, les \u00e9l\u00e8ves du coll\u00e8ge et du lyc\u00e9e prennent en charge la pr\u00e9paration, l&rsquo;explication et l&rsquo;encadrement d&rsquo;ateliers sportifs coop\u00e9ratifs \u00e0 destination des \u00e9l\u00e8ves de l&rsquo;\u00e9l\u00e9mentaire et de la maternelle. Ce projet doit m\u00ealer engagement, respect des valeurs du lyc\u00e9e, jeu et sport.<\/p>\n<p>A travers le monde, le r\u00e9seau des \u00e9tablissements fran\u00e7ais \u00e0 l&rsquo;\u00e9tranger, regroup\u00e9s au sein de l&rsquo;<a href=\"https:\/\/www.aefe.fr\/reseau-scolaire-mondial\/les-etablissements-denseignement-francais-en-reseau\">AEFE<\/a>, regroupe plus de 580 \u00e9coles et accueille plus de 391 000 \u00e9l\u00e8ves, de la TPS \u00e0 la terminale.<\/p>\n<\/p><\/div>\n<\/p><\/div>\n<\/p><\/div>\n<\/p><\/div>\n<\/div>\n","protected":false},"excerpt":{"rendered":"<p>Du 27 novembre au 01 d\u00e9cembre : c\u00e9l\u00e9brons les lyc\u00e9es fran\u00e7ais du monde ! Du 27 novembre au 01 d\u00e9cembre, [&hellip;]<\/p>\n","protected":false},"author":16,"featured_media":0,"comment_status":"closed","ping_status":"open","sticky":false,"template":"","format":"standard","meta":{"_acf_changed":false,"kdcopypost-origin-url":"","kdcopypost-origin-id":"","footnotes":""},"categories":[34],"tags":[206,205,207,208],"class_list":["post-13164","post","type-post","status-publish","format-standard","hentry","category-actualites","tag-aefe","tag-slfm","tag-sport","tag-valeurs"],"acf":{"sous_titre":"Du 27 novembre au 01 d\u00e9cembre : c\u00e9l\u00e9brons les lyc\u00e9es fran\u00e7ais du monde !","photo":13163},"yoast_head":"<!-- This site is optimized with the Yoast SEO plugin v27.5 - https:\/\/yoast.com\/product\/yoast-seo-wordpress\/ -->\n<title>Je t&#039;apprends, tu t&#039;engages, nous nous \u00e9panouissons - LFI Anvers<\/title>\n<meta name=\"robots\" content=\"index, follow, max-snippet:-1, max-image-preview:large, max-video-preview:-1\" \/>\n<link rel=\"canonical\" href=\"https:\/\/www.lfianvers.org\/fr\/2023\/11\/27\/je-tapprends-tu-tengages-nous-nous-epanouissons\/\" \/>\n<meta property=\"og:locale\" content=\"fr_FR\" \/>\n<meta property=\"og:type\" content=\"article\" \/>\n<meta property=\"og:title\" content=\"Je t&#039;apprends, tu t&#039;engages, nous nous \u00e9panouissons - LFI Anvers\" \/>\n<meta property=\"og:description\" content=\"Du 27 novembre au 01 d\u00e9cembre : c\u00e9l\u00e9brons les lyc\u00e9es fran\u00e7ais du monde ! Du 27 novembre au 01 d\u00e9cembre, [&hellip;]\" \/>\n<meta property=\"og:url\" content=\"https:\/\/www.lfianvers.org\/fr\/2023\/11\/27\/je-tapprends-tu-tengages-nous-nous-epanouissons\/\" \/>\n<meta property=\"og:site_name\" content=\"LFI Anvers\" \/>\n<meta property=\"article:published_time\" content=\"2023-11-27T08:02:24+00:00\" \/>\n<meta property=\"article:modified_time\" content=\"2023-11-27T15:27:25+00:00\" \/>\n<meta name=\"author\" content=\"Fabrice HUMANN\" \/>\n<meta name=\"twitter:card\" content=\"summary_large_image\" \/>\n<meta name=\"twitter:label1\" content=\"\u00c9crit par\" \/>\n\t<meta name=\"twitter:data1\" content=\"Fabrice HUMANN\" \/>\n\t<meta name=\"twitter:label2\" content=\"Dur\u00e9e de lecture estim\u00e9e\" \/>\n\t<meta name=\"twitter:data2\" content=\"1 minute\" \/>\n<script type=\"application\/ld+json\" class=\"yoast-schema-graph\">{\"@context\":\"https:\\\/\\\/schema.org\",\"@graph\":[{\"@type\":\"Article\",\"@id\":\"https:\\\/\\\/www.lfianvers.org\\\/fr\\\/2023\\\/11\\\/27\\\/je-tapprends-tu-tengages-nous-nous-epanouissons\\\/#article\",\"isPartOf\":{\"@id\":\"https:\\\/\\\/www.lfianvers.org\\\/fr\\\/2023\\\/11\\\/27\\\/je-tapprends-tu-tengages-nous-nous-epanouissons\\\/\"},\"author\":{\"name\":\"Fabrice HUMANN\",\"@id\":\"https:\\\/\\\/www.lfianvers.org\\\/fr\\\/#\\\/schema\\\/person\\\/a36eef09cbd28678a3041c8eaec8cd04\"},\"headline\":\"Je t&rsquo;apprends, tu t&rsquo;engages, nous nous \u00e9panouissons\",\"datePublished\":\"2023-11-27T08:02:24+00:00\",\"dateModified\":\"2023-11-27T15:27:25+00:00\",\"mainEntityOfPage\":{\"@id\":\"https:\\\/\\\/www.lfianvers.org\\\/fr\\\/2023\\\/11\\\/27\\\/je-tapprends-tu-tengages-nous-nous-epanouissons\\\/\"},\"wordCount\":180,\"keywords\":[\"AEFE\",\"SLFM\",\"Sport\",\"Valeurs\"],\"articleSection\":[\"Actualit\u00e9s\"],\"inLanguage\":\"fr-FR\"},{\"@type\":\"WebPage\",\"@id\":\"https:\\\/\\\/www.lfianvers.org\\\/fr\\\/2023\\\/11\\\/27\\\/je-tapprends-tu-tengages-nous-nous-epanouissons\\\/\",\"url\":\"https:\\\/\\\/www.lfianvers.org\\\/fr\\\/2023\\\/11\\\/27\\\/je-tapprends-tu-tengages-nous-nous-epanouissons\\\/\",\"name\":\"Je t'apprends, tu t'engages, nous nous \u00e9panouissons - LFI Anvers\",\"isPartOf\":{\"@id\":\"https:\\\/\\\/www.lfianvers.org\\\/fr\\\/#website\"},\"datePublished\":\"2023-11-27T08:02:24+00:00\",\"dateModified\":\"2023-11-27T15:27:25+00:00\",\"author\":{\"@id\":\"https:\\\/\\\/www.lfianvers.org\\\/fr\\\/#\\\/schema\\\/person\\\/a36eef09cbd28678a3041c8eaec8cd04\"},\"breadcrumb\":{\"@id\":\"https:\\\/\\\/www.lfianvers.org\\\/fr\\\/2023\\\/11\\\/27\\\/je-tapprends-tu-tengages-nous-nous-epanouissons\\\/#breadcrumb\"},\"inLanguage\":\"fr-FR\",\"potentialAction\":[{\"@type\":\"ReadAction\",\"target\":[\"https:\\\/\\\/www.lfianvers.org\\\/fr\\\/2023\\\/11\\\/27\\\/je-tapprends-tu-tengages-nous-nous-epanouissons\\\/\"]}]},{\"@type\":\"BreadcrumbList\",\"@id\":\"https:\\\/\\\/www.lfianvers.org\\\/fr\\\/2023\\\/11\\\/27\\\/je-tapprends-tu-tengages-nous-nous-epanouissons\\\/#breadcrumb\",\"itemListElement\":[{\"@type\":\"ListItem\",\"position\":1,\"name\":\"Accueil\",\"item\":\"https:\\\/\\\/www.lfianvers.org\\\/fr\\\/\"},{\"@type\":\"ListItem\",\"position\":2,\"name\":\"Je t&rsquo;apprends, tu t&rsquo;engages, nous nous \u00e9panouissons\"}]},{\"@type\":\"WebSite\",\"@id\":\"https:\\\/\\\/www.lfianvers.org\\\/fr\\\/#website\",\"url\":\"https:\\\/\\\/www.lfianvers.org\\\/fr\\\/\",\"name\":\"LFI Anvers\",\"description\":\"Lyc\u00e9e fran\u00e7ais international d&#039;Anvers\",\"potentialAction\":[{\"@type\":\"SearchAction\",\"target\":{\"@type\":\"EntryPoint\",\"urlTemplate\":\"https:\\\/\\\/www.lfianvers.org\\\/fr\\\/?s={search_term_string}\"},\"query-input\":{\"@type\":\"PropertyValueSpecification\",\"valueRequired\":true,\"valueName\":\"search_term_string\"}}],\"inLanguage\":\"fr-FR\"},{\"@type\":\"Person\",\"@id\":\"https:\\\/\\\/www.lfianvers.org\\\/fr\\\/#\\\/schema\\\/person\\\/a36eef09cbd28678a3041c8eaec8cd04\",\"name\":\"Fabrice HUMANN\",\"image\":{\"@type\":\"ImageObject\",\"inLanguage\":\"fr-FR\",\"@id\":\"https:\\\/\\\/secure.gravatar.com\\\/avatar\\\/0348099cdb78330a9119ea36a9a15a38d54c7ead61d632ae255ce801f978316f?s=96&d=mm&r=g\",\"url\":\"https:\\\/\\\/secure.gravatar.com\\\/avatar\\\/0348099cdb78330a9119ea36a9a15a38d54c7ead61d632ae255ce801f978316f?s=96&d=mm&r=g\",\"contentUrl\":\"https:\\\/\\\/secure.gravatar.com\\\/avatar\\\/0348099cdb78330a9119ea36a9a15a38d54c7ead61d632ae255ce801f978316f?s=96&d=mm&r=g\",\"caption\":\"Fabrice HUMANN\"},\"url\":\"https:\\\/\\\/www.lfianvers.org\\\/fr\\\/author\\\/fabrice-humann\\\/\"}]}<\/script>\n<!-- \/ Yoast SEO plugin. -->","yoast_head_json":{"title":"Je t'apprends, tu t'engages, nous nous \u00e9panouissons - LFI Anvers","robots":{"index":"index","follow":"follow","max-snippet":"max-snippet:-1","max-image-preview":"max-image-preview:large","max-video-preview":"max-video-preview:-1"},"canonical":"https:\/\/www.lfianvers.org\/fr\/2023\/11\/27\/je-tapprends-tu-tengages-nous-nous-epanouissons\/","og_locale":"fr_FR","og_type":"article","og_title":"Je t'apprends, tu t'engages, nous nous \u00e9panouissons - LFI Anvers","og_description":"Du 27 novembre au 01 d\u00e9cembre : c\u00e9l\u00e9brons les lyc\u00e9es fran\u00e7ais du monde ! Du 27 novembre au 01 d\u00e9cembre, [&hellip;]","og_url":"https:\/\/www.lfianvers.org\/fr\/2023\/11\/27\/je-tapprends-tu-tengages-nous-nous-epanouissons\/","og_site_name":"LFI Anvers","article_published_time":"2023-11-27T08:02:24+00:00","article_modified_time":"2023-11-27T15:27:25+00:00","author":"Fabrice HUMANN","twitter_card":"summary_large_image","twitter_misc":{"\u00c9crit par":"Fabrice HUMANN","Dur\u00e9e de lecture estim\u00e9e":"1 minute"},"schema":{"@context":"https:\/\/schema.org","@graph":[{"@type":"Article","@id":"https:\/\/www.lfianvers.org\/fr\/2023\/11\/27\/je-tapprends-tu-tengages-nous-nous-epanouissons\/#article","isPartOf":{"@id":"https:\/\/www.lfianvers.org\/fr\/2023\/11\/27\/je-tapprends-tu-tengages-nous-nous-epanouissons\/"},"author":{"name":"Fabrice HUMANN","@id":"https:\/\/www.lfianvers.org\/fr\/#\/schema\/person\/a36eef09cbd28678a3041c8eaec8cd04"},"headline":"Je t&rsquo;apprends, tu t&rsquo;engages, nous nous \u00e9panouissons","datePublished":"2023-11-27T08:02:24+00:00","dateModified":"2023-11-27T15:27:25+00:00","mainEntityOfPage":{"@id":"https:\/\/www.lfianvers.org\/fr\/2023\/11\/27\/je-tapprends-tu-tengages-nous-nous-epanouissons\/"},"wordCount":180,"keywords":["AEFE","SLFM","Sport","Valeurs"],"articleSection":["Actualit\u00e9s"],"inLanguage":"fr-FR"},{"@type":"WebPage","@id":"https:\/\/www.lfianvers.org\/fr\/2023\/11\/27\/je-tapprends-tu-tengages-nous-nous-epanouissons\/","url":"https:\/\/www.lfianvers.org\/fr\/2023\/11\/27\/je-tapprends-tu-tengages-nous-nous-epanouissons\/","name":"Je t'apprends, tu t'engages, nous nous \u00e9panouissons - LFI Anvers","isPartOf":{"@id":"https:\/\/www.lfianvers.org\/fr\/#website"},"datePublished":"2023-11-27T08:02:24+00:00","dateModified":"2023-11-27T15:27:25+00:00","author":{"@id":"https:\/\/www.lfianvers.org\/fr\/#\/schema\/person\/a36eef09cbd28678a3041c8eaec8cd04"},"breadcrumb":{"@id":"https:\/\/www.lfianvers.org\/fr\/2023\/11\/27\/je-tapprends-tu-tengages-nous-nous-epanouissons\/#breadcrumb"},"inLanguage":"fr-FR","potentialAction":[{"@type":"ReadAction","target":["https:\/\/www.lfianvers.org\/fr\/2023\/11\/27\/je-tapprends-tu-tengages-nous-nous-epanouissons\/"]}]},{"@type":"BreadcrumbList","@id":"https:\/\/www.lfianvers.org\/fr\/2023\/11\/27\/je-tapprends-tu-tengages-nous-nous-epanouissons\/#breadcrumb","itemListElement":[{"@type":"ListItem","position":1,"name":"Accueil","item":"https:\/\/www.lfianvers.org\/fr\/"},{"@type":"ListItem","position":2,"name":"Je t&rsquo;apprends, tu t&rsquo;engages, nous nous \u00e9panouissons"}]},{"@type":"WebSite","@id":"https:\/\/www.lfianvers.org\/fr\/#website","url":"https:\/\/www.lfianvers.org\/fr\/","name":"LFI Anvers","description":"Lyc\u00e9e fran\u00e7ais international d&#039;Anvers","potentialAction":[{"@type":"SearchAction","target":{"@type":"EntryPoint","urlTemplate":"https:\/\/www.lfianvers.org\/fr\/?s={search_term_string}"},"query-input":{"@type":"PropertyValueSpecification","valueRequired":true,"valueName":"search_term_string"}}],"inLanguage":"fr-FR"},{"@type":"Person","@id":"https:\/\/www.lfianvers.org\/fr\/#\/schema\/person\/a36eef09cbd28678a3041c8eaec8cd04","name":"Fabrice HUMANN","image":{"@type":"ImageObject","inLanguage":"fr-FR","@id":"https:\/\/secure.gravatar.com\/avatar\/0348099cdb78330a9119ea36a9a15a38d54c7ead61d632ae255ce801f978316f?s=96&d=mm&r=g","url":"https:\/\/secure.gravatar.com\/avatar\/0348099cdb78330a9119ea36a9a15a38d54c7ead61d632ae255ce801f978316f?s=96&d=mm&r=g","contentUrl":"https:\/\/secure.gravatar.com\/avatar\/0348099cdb78330a9119ea36a9a15a38d54c7ead61d632ae255ce801f978316f?s=96&d=mm&r=g","caption":"Fabrice HUMANN"},"url":"https:\/\/www.lfianvers.org\/fr\/author\/fabrice-humann\/"}]}},"lang":"fr","_links":{"self":[{"href":"https:\/\/www.lfianvers.org\/fr\/wp-json\/wp\/v2\/posts\/13164","targetHints":{"allow":["GET"]}}],"collection":[{"href":"https:\/\/www.lfianvers.org\/fr\/wp-json\/wp\/v2\/posts"}],"about":[{"href":"https:\/\/www.lfianvers.org\/fr\/wp-json\/wp\/v2\/types\/post"}],"author":[{"embeddable":true,"href":"https:\/\/www.lfianvers.org\/fr\/wp-json\/wp\/v2\/users\/16"}],"replies":[{"embeddable":true,"href":"https:\/\/www.lfianvers.org\/fr\/wp-json\/wp\/v2\/comments?post=13164"}],"version-history":[{"count":9,"href":"https:\/\/www.lfianvers.org\/fr\/wp-json\/wp\/v2\/posts\/13164\/revisions"}],"predecessor-version":[{"id":13181,"href":"https:\/\/www.lfianvers.org\/fr\/wp-json\/wp\/v2\/posts\/13164\/revisions\/13181"}],"wp:attachment":[{"href":"https:\/\/www.lfianvers.org\/fr\/wp-json\/wp\/v2\/media?parent=13164"}],"wp:term":[{"taxonomy":"category","embeddable":true,"href":"https:\/\/www.lfianvers.org\/fr\/wp-json\/wp\/v2\/categories?post=13164"},{"taxonomy":"post_tag","embeddable":true,"href":"https:\/\/www.lfianvers.org\/fr\/wp-json\/wp\/v2\/tags?post=13164"}],"curies":[{"name":"wp","href":"https:\/\/api.w.org\/{rel}","templated":true}]}}