{"id":12740,"date":"2023-03-30T15:06:57","date_gmt":"2023-03-30T13:06:57","guid":{"rendered":"https:\/\/www.lfianvers.org\/?p=12740"},"modified":"2023-03-30T15:09:42","modified_gmt":"2023-03-30T13:09:42","slug":"rencontre-avec-mme-henriette-kretz","status":"publish","type":"post","link":"https:\/\/www.lfianvers.org\/fr\/2023\/03\/30\/rencontre-avec-mme-henriette-kretz\/","title":{"rendered":"Rencontre avec Mme Henriette Kretz"},"content":{"rendered":"<div class=\"blocmedia blocmedia--textright blocmedia--color4\" id=\"bloc_2_2\">\n<div class=\"container\">\n<div class=\"row\">\n<div class=\"col-12 col-md-6\">\n<div class=\"slider\">\n<div id=\"slider-bloc_2_2\" class=\"flexslider flexslider--blocmedia loading\">\n<ul class=\"slides list-unstyled\">\n<li class=\"slider-li\">\n\t\t\t\t\t\t\t\t\t\t     \t<a data-fancybox=\"rel-slider-bloc_2_2\" data-caption=\"\" href=\"https:\/\/www.lfianvers.org\/wp-content\/uploads\/2023\/03\/IMG_7741-722x564.jpeg\"><br \/>\n\t\t\t\t\t\t\t\t\t\t\t\t\t<img decoding=\"async\" class=\"img-fluid\" src=\"https:\/\/www.lfianvers.org\/wp-content\/uploads\/2023\/03\/IMG_7741-722x564.jpeg\" width=\"\" height=\"\" alt=\"\"><br \/>\n\t\t\t\t\t\t\t\t\t\t\t\t<\/a>\n\t\t\t\t\t\t\t\t\t\t     <\/li>\n<\/ul><\/div>\n<\/p><\/div>\n<\/p><\/div>\n<div class=\"col-12 col-md-5 d-flex flex-column justify-content-center align-items-start mb-2 mb-md-0\">\n<div class=\"text\">\n<h2><span><\/span><\/h2>\n<p>Madame Henriette Kretz est une survivante de l&rsquo;Holocauste et une ancienne \u00e9l\u00e8ve du lyc\u00e9e fran\u00e7ais international d&rsquo;Anvers (1948-1951). Elle a r\u00e9cemment rendu visite aux coll\u00e9giens et lyc\u00e9ens actuels de l&rsquo;\u00e9cole pour partager son histoire avec eux. Henriette Kretz a surv\u00e9cu \u00e0 l&rsquo;Holocauste, mais elle a perdu beaucoup de membres de sa famille. Apr\u00e8s la guerre, elle a d\u00e9m\u00e9nag\u00e9 \u00e0 Anvers, o\u00f9 elle a commenc\u00e9 une nouvelle vie.\u00a0<\/p>\n<p>Lors de sa visite \u00e0 l&rsquo;\u00e9cole, Henriette Kretz a partag\u00e9 son histoire avec les \u00e9l\u00e8ves, dont sa petite-fille, aujourd&rsquo;hui en classe de 5e au LFIA. Elle a expliqu\u00e9 ce que c&rsquo;\u00e9tait que de grandir en \u00e9tant pers\u00e9cut\u00e9 par les nazis et comment elle avait surv\u00e9cu \u00e0 l&rsquo;Holocauste. Elle a \u00e9galement partag\u00e9 des souvenirs personnels de sa famille et des moments difficiles qu&rsquo;elle a v\u00e9cus pendant la guerre.<\/p>\n<p>Les \u00e9l\u00e8ves ont \u00e9t\u00e9 tr\u00e8s touch\u00e9s par son t\u00e9moignage. Beaucoup ont \u00e9t\u00e9 surpris par la cruaut\u00e9 de ce que les nazis ont fait aux Juifs pendant la guerre. Ils ont \u00e9galement \u00e9t\u00e9 inspir\u00e9s par la r\u00e9silience et la force de caract\u00e8re de Henriette Kretz, qui a surmont\u00e9 des \u00e9preuves incroyables pour survivre et reconstruire sa vie.<\/p>\n<p>La visite de Madame Kretz, organis\u00e9e par Madame Mich\u00e8le Dubois, professeure d&rsquo;Histoire, a \u00e9t\u00e9 une exp\u00e9rience \u00e9ducative importante pour nos \u00e9l\u00e8ves. Cela leur a sans doute permis de comprendre l&rsquo;Holocauste d&rsquo;une mani\u00e8re plus concr\u00e8te et de voir comment cela a affect\u00e9 des personnes r\u00e9elles.\u00a0<\/p>\n<p>Nous sommes reconnaissants \u00e0 Henriette Kretz d&rsquo;avoir partag\u00e9 son histoire avec nous et nous esp\u00e9rons que cela continuera \u00e0 inspirer les g\u00e9n\u00e9rations futures.<\/p>\n<p>\t\t\t\t\t\t<!-- Changer la classe de couleur du bouton en fonction de la couleur g\u00e9n\u00e9rale du bloc --><\/p>\n<div class=\"bloc_cta\" ><\/div>\n<\/p><\/div>\n<\/p><\/div>\n<\/p><\/div>\n<\/p><\/div>\n<\/div>\n","protected":false},"excerpt":{"rendered":"<p>Madame Henriette Kretz est une survivante de l&rsquo;Holocauste et une ancienne \u00e9l\u00e8ve du lyc\u00e9e fran\u00e7ais international d&rsquo;Anvers (1948-1951). Elle a [&hellip;]<\/p>\n","protected":false},"author":16,"featured_media":0,"comment_status":"closed","ping_status":"open","sticky":false,"template":"","format":"standard","meta":{"_acf_changed":false,"kdcopypost-origin-url":"","kdcopypost-origin-id":"","footnotes":""},"categories":[34],"tags":[],"class_list":["post-12740","post","type-post","status-publish","format-standard","hentry","category-actualites"],"acf":{"sous_titre":"Ancienne \u00e9l\u00e8ve du Lyc\u00e9e, Mme Kretz est venue partager son histoire avec nos coll\u00e9giens et nos lyc\u00e9ens.","photo":12759},"yoast_head":"<!-- This site is optimized with the Yoast SEO plugin v27.4 - https:\/\/yoast.com\/product\/yoast-seo-wordpress\/ -->\n<title>Rencontre avec Mme Henriette Kretz - LFI Anvers<\/title>\n<meta name=\"robots\" content=\"index, follow, max-snippet:-1, max-image-preview:large, max-video-preview:-1\" \/>\n<link rel=\"canonical\" href=\"https:\/\/www.lfianvers.org\/fr\/2023\/03\/30\/rencontre-avec-mme-henriette-kretz\/\" \/>\n<meta property=\"og:locale\" content=\"fr_FR\" \/>\n<meta property=\"og:type\" content=\"article\" \/>\n<meta property=\"og:title\" content=\"Rencontre avec Mme Henriette Kretz - LFI Anvers\" \/>\n<meta property=\"og:description\" content=\"Madame Henriette Kretz est une survivante de l&rsquo;Holocauste et une ancienne \u00e9l\u00e8ve du lyc\u00e9e fran\u00e7ais international d&rsquo;Anvers (1948-1951). Elle a [&hellip;]\" \/>\n<meta property=\"og:url\" content=\"https:\/\/www.lfianvers.org\/fr\/2023\/03\/30\/rencontre-avec-mme-henriette-kretz\/\" \/>\n<meta property=\"og:site_name\" content=\"LFI Anvers\" \/>\n<meta property=\"article:published_time\" content=\"2023-03-30T13:06:57+00:00\" \/>\n<meta property=\"article:modified_time\" content=\"2023-03-30T13:09:42+00:00\" \/>\n<meta property=\"og:image\" content=\"https:\/\/www.lfianvers.org\/wp-content\/uploads\/2023\/03\/IMG_7741-722x564.jpeg\" \/>\n<meta name=\"author\" content=\"Fabrice HUMANN\" \/>\n<meta name=\"twitter:card\" content=\"summary_large_image\" \/>\n<meta name=\"twitter:label1\" content=\"\u00c9crit par\" \/>\n\t<meta name=\"twitter:data1\" content=\"Fabrice HUMANN\" \/>\n\t<meta name=\"twitter:label2\" content=\"Dur\u00e9e de lecture estim\u00e9e\" \/>\n\t<meta name=\"twitter:data2\" content=\"2 minutes\" \/>\n<script type=\"application\/ld+json\" class=\"yoast-schema-graph\">{\"@context\":\"https:\\\/\\\/schema.org\",\"@graph\":[{\"@type\":\"Article\",\"@id\":\"https:\\\/\\\/www.lfianvers.org\\\/fr\\\/2023\\\/03\\\/30\\\/rencontre-avec-mme-henriette-kretz\\\/#article\",\"isPartOf\":{\"@id\":\"https:\\\/\\\/www.lfianvers.org\\\/fr\\\/2023\\\/03\\\/30\\\/rencontre-avec-mme-henriette-kretz\\\/\"},\"author\":{\"name\":\"Fabrice HUMANN\",\"@id\":\"https:\\\/\\\/www.lfianvers.org\\\/fr\\\/#\\\/schema\\\/person\\\/a36eef09cbd28678a3041c8eaec8cd04\"},\"headline\":\"Rencontre avec Mme Henriette Kretz\",\"datePublished\":\"2023-03-30T13:06:57+00:00\",\"dateModified\":\"2023-03-30T13:09:42+00:00\",\"mainEntityOfPage\":{\"@id\":\"https:\\\/\\\/www.lfianvers.org\\\/fr\\\/2023\\\/03\\\/30\\\/rencontre-avec-mme-henriette-kretz\\\/\"},\"wordCount\":300,\"image\":{\"@id\":\"https:\\\/\\\/www.lfianvers.org\\\/fr\\\/2023\\\/03\\\/30\\\/rencontre-avec-mme-henriette-kretz\\\/#primaryimage\"},\"thumbnailUrl\":\"https:\\\/\\\/www.lfianvers.org\\\/wp-content\\\/uploads\\\/2023\\\/03\\\/IMG_7741-722x564.jpeg\",\"articleSection\":[\"Actualit\u00e9s\"],\"inLanguage\":\"fr-FR\"},{\"@type\":\"WebPage\",\"@id\":\"https:\\\/\\\/www.lfianvers.org\\\/fr\\\/2023\\\/03\\\/30\\\/rencontre-avec-mme-henriette-kretz\\\/\",\"url\":\"https:\\\/\\\/www.lfianvers.org\\\/fr\\\/2023\\\/03\\\/30\\\/rencontre-avec-mme-henriette-kretz\\\/\",\"name\":\"Rencontre avec Mme Henriette Kretz - LFI Anvers\",\"isPartOf\":{\"@id\":\"https:\\\/\\\/www.lfianvers.org\\\/fr\\\/#website\"},\"primaryImageOfPage\":{\"@id\":\"https:\\\/\\\/www.lfianvers.org\\\/fr\\\/2023\\\/03\\\/30\\\/rencontre-avec-mme-henriette-kretz\\\/#primaryimage\"},\"image\":{\"@id\":\"https:\\\/\\\/www.lfianvers.org\\\/fr\\\/2023\\\/03\\\/30\\\/rencontre-avec-mme-henriette-kretz\\\/#primaryimage\"},\"thumbnailUrl\":\"https:\\\/\\\/www.lfianvers.org\\\/wp-content\\\/uploads\\\/2023\\\/03\\\/IMG_7741-722x564.jpeg\",\"datePublished\":\"2023-03-30T13:06:57+00:00\",\"dateModified\":\"2023-03-30T13:09:42+00:00\",\"author\":{\"@id\":\"https:\\\/\\\/www.lfianvers.org\\\/fr\\\/#\\\/schema\\\/person\\\/a36eef09cbd28678a3041c8eaec8cd04\"},\"breadcrumb\":{\"@id\":\"https:\\\/\\\/www.lfianvers.org\\\/fr\\\/2023\\\/03\\\/30\\\/rencontre-avec-mme-henriette-kretz\\\/#breadcrumb\"},\"inLanguage\":\"fr-FR\",\"potentialAction\":[{\"@type\":\"ReadAction\",\"target\":[\"https:\\\/\\\/www.lfianvers.org\\\/fr\\\/2023\\\/03\\\/30\\\/rencontre-avec-mme-henriette-kretz\\\/\"]}]},{\"@type\":\"ImageObject\",\"inLanguage\":\"fr-FR\",\"@id\":\"https:\\\/\\\/www.lfianvers.org\\\/fr\\\/2023\\\/03\\\/30\\\/rencontre-avec-mme-henriette-kretz\\\/#primaryimage\",\"url\":\"https:\\\/\\\/www.lfianvers.org\\\/wp-content\\\/uploads\\\/2023\\\/03\\\/IMG_7741-722x564.jpeg\",\"contentUrl\":\"https:\\\/\\\/www.lfianvers.org\\\/wp-content\\\/uploads\\\/2023\\\/03\\\/IMG_7741-722x564.jpeg\"},{\"@type\":\"BreadcrumbList\",\"@id\":\"https:\\\/\\\/www.lfianvers.org\\\/fr\\\/2023\\\/03\\\/30\\\/rencontre-avec-mme-henriette-kretz\\\/#breadcrumb\",\"itemListElement\":[{\"@type\":\"ListItem\",\"position\":1,\"name\":\"Accueil\",\"item\":\"https:\\\/\\\/www.lfianvers.org\\\/fr\\\/\"},{\"@type\":\"ListItem\",\"position\":2,\"name\":\"Rencontre avec Mme Henriette Kretz\"}]},{\"@type\":\"WebSite\",\"@id\":\"https:\\\/\\\/www.lfianvers.org\\\/fr\\\/#website\",\"url\":\"https:\\\/\\\/www.lfianvers.org\\\/fr\\\/\",\"name\":\"LFI Anvers\",\"description\":\"Lyc\u00e9e fran\u00e7ais international d&#039;Anvers\",\"potentialAction\":[{\"@type\":\"SearchAction\",\"target\":{\"@type\":\"EntryPoint\",\"urlTemplate\":\"https:\\\/\\\/www.lfianvers.org\\\/fr\\\/?s={search_term_string}\"},\"query-input\":{\"@type\":\"PropertyValueSpecification\",\"valueRequired\":true,\"valueName\":\"search_term_string\"}}],\"inLanguage\":\"fr-FR\"},{\"@type\":\"Person\",\"@id\":\"https:\\\/\\\/www.lfianvers.org\\\/fr\\\/#\\\/schema\\\/person\\\/a36eef09cbd28678a3041c8eaec8cd04\",\"name\":\"Fabrice HUMANN\",\"image\":{\"@type\":\"ImageObject\",\"inLanguage\":\"fr-FR\",\"@id\":\"https:\\\/\\\/secure.gravatar.com\\\/avatar\\\/0348099cdb78330a9119ea36a9a15a38d54c7ead61d632ae255ce801f978316f?s=96&d=mm&r=g\",\"url\":\"https:\\\/\\\/secure.gravatar.com\\\/avatar\\\/0348099cdb78330a9119ea36a9a15a38d54c7ead61d632ae255ce801f978316f?s=96&d=mm&r=g\",\"contentUrl\":\"https:\\\/\\\/secure.gravatar.com\\\/avatar\\\/0348099cdb78330a9119ea36a9a15a38d54c7ead61d632ae255ce801f978316f?s=96&d=mm&r=g\",\"caption\":\"Fabrice HUMANN\"},\"url\":\"https:\\\/\\\/www.lfianvers.org\\\/fr\\\/author\\\/fabrice-humann\\\/\"}]}<\/script>\n<!-- \/ Yoast SEO plugin. -->","yoast_head_json":{"title":"Rencontre avec Mme Henriette Kretz - LFI Anvers","robots":{"index":"index","follow":"follow","max-snippet":"max-snippet:-1","max-image-preview":"max-image-preview:large","max-video-preview":"max-video-preview:-1"},"canonical":"https:\/\/www.lfianvers.org\/fr\/2023\/03\/30\/rencontre-avec-mme-henriette-kretz\/","og_locale":"fr_FR","og_type":"article","og_title":"Rencontre avec Mme Henriette Kretz - LFI Anvers","og_description":"Madame Henriette Kretz est une survivante de l&rsquo;Holocauste et une ancienne \u00e9l\u00e8ve du lyc\u00e9e fran\u00e7ais international d&rsquo;Anvers (1948-1951). Elle a [&hellip;]","og_url":"https:\/\/www.lfianvers.org\/fr\/2023\/03\/30\/rencontre-avec-mme-henriette-kretz\/","og_site_name":"LFI Anvers","article_published_time":"2023-03-30T13:06:57+00:00","article_modified_time":"2023-03-30T13:09:42+00:00","og_image":[{"url":"https:\/\/www.lfianvers.org\/wp-content\/uploads\/2023\/03\/IMG_7741-722x564.jpeg","type":"","width":"","height":""}],"author":"Fabrice HUMANN","twitter_card":"summary_large_image","twitter_misc":{"\u00c9crit par":"Fabrice HUMANN","Dur\u00e9e de lecture estim\u00e9e":"2 minutes"},"schema":{"@context":"https:\/\/schema.org","@graph":[{"@type":"Article","@id":"https:\/\/www.lfianvers.org\/fr\/2023\/03\/30\/rencontre-avec-mme-henriette-kretz\/#article","isPartOf":{"@id":"https:\/\/www.lfianvers.org\/fr\/2023\/03\/30\/rencontre-avec-mme-henriette-kretz\/"},"author":{"name":"Fabrice HUMANN","@id":"https:\/\/www.lfianvers.org\/fr\/#\/schema\/person\/a36eef09cbd28678a3041c8eaec8cd04"},"headline":"Rencontre avec Mme Henriette Kretz","datePublished":"2023-03-30T13:06:57+00:00","dateModified":"2023-03-30T13:09:42+00:00","mainEntityOfPage":{"@id":"https:\/\/www.lfianvers.org\/fr\/2023\/03\/30\/rencontre-avec-mme-henriette-kretz\/"},"wordCount":300,"image":{"@id":"https:\/\/www.lfianvers.org\/fr\/2023\/03\/30\/rencontre-avec-mme-henriette-kretz\/#primaryimage"},"thumbnailUrl":"https:\/\/www.lfianvers.org\/wp-content\/uploads\/2023\/03\/IMG_7741-722x564.jpeg","articleSection":["Actualit\u00e9s"],"inLanguage":"fr-FR"},{"@type":"WebPage","@id":"https:\/\/www.lfianvers.org\/fr\/2023\/03\/30\/rencontre-avec-mme-henriette-kretz\/","url":"https:\/\/www.lfianvers.org\/fr\/2023\/03\/30\/rencontre-avec-mme-henriette-kretz\/","name":"Rencontre avec Mme Henriette Kretz - LFI Anvers","isPartOf":{"@id":"https:\/\/www.lfianvers.org\/fr\/#website"},"primaryImageOfPage":{"@id":"https:\/\/www.lfianvers.org\/fr\/2023\/03\/30\/rencontre-avec-mme-henriette-kretz\/#primaryimage"},"image":{"@id":"https:\/\/www.lfianvers.org\/fr\/2023\/03\/30\/rencontre-avec-mme-henriette-kretz\/#primaryimage"},"thumbnailUrl":"https:\/\/www.lfianvers.org\/wp-content\/uploads\/2023\/03\/IMG_7741-722x564.jpeg","datePublished":"2023-03-30T13:06:57+00:00","dateModified":"2023-03-30T13:09:42+00:00","author":{"@id":"https:\/\/www.lfianvers.org\/fr\/#\/schema\/person\/a36eef09cbd28678a3041c8eaec8cd04"},"breadcrumb":{"@id":"https:\/\/www.lfianvers.org\/fr\/2023\/03\/30\/rencontre-avec-mme-henriette-kretz\/#breadcrumb"},"inLanguage":"fr-FR","potentialAction":[{"@type":"ReadAction","target":["https:\/\/www.lfianvers.org\/fr\/2023\/03\/30\/rencontre-avec-mme-henriette-kretz\/"]}]},{"@type":"ImageObject","inLanguage":"fr-FR","@id":"https:\/\/www.lfianvers.org\/fr\/2023\/03\/30\/rencontre-avec-mme-henriette-kretz\/#primaryimage","url":"https:\/\/www.lfianvers.org\/wp-content\/uploads\/2023\/03\/IMG_7741-722x564.jpeg","contentUrl":"https:\/\/www.lfianvers.org\/wp-content\/uploads\/2023\/03\/IMG_7741-722x564.jpeg"},{"@type":"BreadcrumbList","@id":"https:\/\/www.lfianvers.org\/fr\/2023\/03\/30\/rencontre-avec-mme-henriette-kretz\/#breadcrumb","itemListElement":[{"@type":"ListItem","position":1,"name":"Accueil","item":"https:\/\/www.lfianvers.org\/fr\/"},{"@type":"ListItem","position":2,"name":"Rencontre avec Mme Henriette Kretz"}]},{"@type":"WebSite","@id":"https:\/\/www.lfianvers.org\/fr\/#website","url":"https:\/\/www.lfianvers.org\/fr\/","name":"LFI Anvers","description":"Lyc\u00e9e fran\u00e7ais international d&#039;Anvers","potentialAction":[{"@type":"SearchAction","target":{"@type":"EntryPoint","urlTemplate":"https:\/\/www.lfianvers.org\/fr\/?s={search_term_string}"},"query-input":{"@type":"PropertyValueSpecification","valueRequired":true,"valueName":"search_term_string"}}],"inLanguage":"fr-FR"},{"@type":"Person","@id":"https:\/\/www.lfianvers.org\/fr\/#\/schema\/person\/a36eef09cbd28678a3041c8eaec8cd04","name":"Fabrice HUMANN","image":{"@type":"ImageObject","inLanguage":"fr-FR","@id":"https:\/\/secure.gravatar.com\/avatar\/0348099cdb78330a9119ea36a9a15a38d54c7ead61d632ae255ce801f978316f?s=96&d=mm&r=g","url":"https:\/\/secure.gravatar.com\/avatar\/0348099cdb78330a9119ea36a9a15a38d54c7ead61d632ae255ce801f978316f?s=96&d=mm&r=g","contentUrl":"https:\/\/secure.gravatar.com\/avatar\/0348099cdb78330a9119ea36a9a15a38d54c7ead61d632ae255ce801f978316f?s=96&d=mm&r=g","caption":"Fabrice HUMANN"},"url":"https:\/\/www.lfianvers.org\/fr\/author\/fabrice-humann\/"}]}},"lang":"fr","_links":{"self":[{"href":"https:\/\/www.lfianvers.org\/fr\/wp-json\/wp\/v2\/posts\/12740","targetHints":{"allow":["GET"]}}],"collection":[{"href":"https:\/\/www.lfianvers.org\/fr\/wp-json\/wp\/v2\/posts"}],"about":[{"href":"https:\/\/www.lfianvers.org\/fr\/wp-json\/wp\/v2\/types\/post"}],"author":[{"embeddable":true,"href":"https:\/\/www.lfianvers.org\/fr\/wp-json\/wp\/v2\/users\/16"}],"replies":[{"embeddable":true,"href":"https:\/\/www.lfianvers.org\/fr\/wp-json\/wp\/v2\/comments?post=12740"}],"version-history":[{"count":8,"href":"https:\/\/www.lfianvers.org\/fr\/wp-json\/wp\/v2\/posts\/12740\/revisions"}],"predecessor-version":[{"id":12769,"href":"https:\/\/www.lfianvers.org\/fr\/wp-json\/wp\/v2\/posts\/12740\/revisions\/12769"}],"wp:attachment":[{"href":"https:\/\/www.lfianvers.org\/fr\/wp-json\/wp\/v2\/media?parent=12740"}],"wp:term":[{"taxonomy":"category","embeddable":true,"href":"https:\/\/www.lfianvers.org\/fr\/wp-json\/wp\/v2\/categories?post=12740"},{"taxonomy":"post_tag","embeddable":true,"href":"https:\/\/www.lfianvers.org\/fr\/wp-json\/wp\/v2\/tags?post=12740"}],"curies":[{"name":"wp","href":"https:\/\/api.w.org\/{rel}","templated":true}]}}